{"id":5157,"date":"2013-06-12T13:30:42","date_gmt":"2013-06-12T11:30:42","guid":{"rendered":"http:\/\/www.kettentechnik.de\/?p=5157"},"modified":"2014-10-02T08:16:06","modified_gmt":"2014-10-02T06:16:06","slug":"spezial-forderkette-mit-tragplatten-teilung-63000-mm","status":"publish","type":"post","link":"https:\/\/www.kettentechnik.de\/de\/2013\/06\/12\/spezial-forderkette-mit-tragplatten-teilung-63000-mm\/","title":{"rendered":"Spezial-F\u00f6rderkette mit Tragplatten Teilung 63,000 mm"},"content":{"rendered":"<p><!--:de--><\/p>\n<div class=\"product_image\"><a href=\"http:\/\/www.kettentechnik.de\/wp-content\/uploads\/2013\/06\/k63pf_zg.jpg\"><img loading=\"lazy\" decoding=\"async\" class=\"aligncenter size-full wp-image-5159\" src=\"http:\/\/www.kettentechnik.de\/wp-content\/uploads\/2013\/06\/k63pf_zg.jpg\" alt=\"k63pf_zg\" width=\"578\" height=\"600\" \/><\/a><\/div>\n<p>&nbsp;<\/p>\n<table style=\"width: 100%;\" cellspacing=\"2\">\n<thead>\n<tr>\n<td align=\"left\" valign=\"top\" width=\"9%\"><strong> K<\/strong><\/td>\n<td align=\"left\" valign=\"top\" width=\"9%\"><\/td>\n<td align=\"left\" valign=\"top\" width=\"9%\"><strong>lichte Weite<\/strong><\/td>\n<td align=\"left\" valign=\"top\" width=\"9%\"><strong>Bolzen-<\/strong><\/td>\n<td align=\"left\" valign=\"top\" width=\"9%\"><strong>Laschen-<\/strong><\/td>\n<td align=\"left\" valign=\"top\" width=\"9%\"><strong>Laschen-<\/strong><\/td>\n<td align=\"left\" valign=\"top\" width=\"9%\"><strong>Bolzen-<\/strong><\/td>\n<td align=\"left\" valign=\"top\" width=\"9%\"><strong>Mitnehmer-<\/strong><\/td>\n<td align=\"left\" valign=\"top\" width=\"9%\"><strong>Mitnehmer-<\/strong><\/td>\n<td align=\"left\" valign=\"top\" width=\"9%\"><strong>Mitnehmer-<\/strong><\/td>\n<td align=\"left\" valign=\"top\" width=\"9%\"><strong>Bruch-<\/strong><\/td>\n<td align=\"left\" valign=\"top\" width=\"9%\"><strong>Bruch-<\/strong><\/td>\n<\/tr>\n<tr>\n<td align=\"left\" valign=\"top\" width=\"9%\"><\/td>\n<td align=\"left\" valign=\"top\" width=\"9%\"><strong>Teilung<\/strong><\/td>\n<td align=\"left\" valign=\"top\" width=\"9%\"><strong>Innenglied<\/strong><\/td>\n<td align=\"left\" valign=\"top\" width=\"9%\"><strong>durchm.<\/strong><\/td>\n<td align=\"left\" valign=\"top\" width=\"9%\"><strong>h\u00f6he<\/strong><\/td>\n<td align=\"left\" valign=\"top\" width=\"9%\"><strong>dicke<\/strong><\/td>\n<td align=\"left\" valign=\"top\" width=\"9%\"><strong>l\u00e4nge<\/strong><\/td>\n<td align=\"left\" valign=\"top\" width=\"9%\"><strong>ma\u00dfe<\/strong><\/td>\n<td align=\"left\" valign=\"top\" width=\"9%\"><strong>ma\u00dfe<\/strong><\/td>\n<td align=\"left\" valign=\"top\" width=\"9%\"><strong>ma\u00dfe<\/strong><\/td>\n<td align=\"left\" valign=\"top\" width=\"9%\"><strong>kraft<\/strong><\/td>\n<td align=\"left\" valign=\"top\" width=\"9%\"><strong>kraft<\/strong><\/td>\n<\/tr>\n<tr>\n<td align=\"left\" valign=\"top\" width=\"9%\"><strong>Ketten-<\/strong><\/td>\n<td align=\"left\" valign=\"top\" width=\"9%\"><strong>p<\/strong><\/td>\n<td align=\"left\" valign=\"top\" width=\"9%\"><strong>b1<\/strong><\/td>\n<td align=\"left\" valign=\"top\" width=\"9%\"><strong>d2<\/strong><\/td>\n<td align=\"left\" valign=\"top\" width=\"9%\"><strong>g<\/strong><\/td>\n<td align=\"left\" valign=\"top\" width=\"9%\"><strong>s<\/strong><\/td>\n<td align=\"left\" valign=\"top\" width=\"9%\"><strong>l 1<\/strong><\/td>\n<td align=\"left\" valign=\"top\" width=\"9%\"><strong>M<\/strong><\/td>\n<td align=\"left\" valign=\"top\" width=\"9%\"><strong>G<\/strong><\/td>\n<td align=\"left\" valign=\"top\" width=\"9%\"><strong>h4<\/strong><\/td>\n<td align=\"left\" valign=\"top\" width=\"9%\"><strong>FB<\/strong><\/td>\n<td align=\"left\" valign=\"top\" width=\"9%\"><strong>\u00d8erreicht<\/strong><\/td>\n<\/tr>\n<tr>\n<td align=\"left\" valign=\"top\" width=\"9%\"><strong>Nr.<\/strong><\/td>\n<td align=\"left\" valign=\"top\" width=\"9%\"><\/td>\n<td align=\"left\" valign=\"top\" width=\"9%\"><strong>mm<\/strong><\/td>\n<td align=\"left\" valign=\"top\" width=\"9%\"><strong>mm<\/strong><\/td>\n<td align=\"left\" valign=\"top\" width=\"9%\"><strong>mm<\/strong><\/td>\n<td align=\"left\" valign=\"top\" width=\"9%\"><strong>mm<\/strong><\/td>\n<td align=\"left\" valign=\"top\" width=\"9%\"><strong>mm<\/strong><\/td>\n<td align=\"left\" valign=\"top\" width=\"9%\"><strong>mm<\/strong><\/td>\n<td align=\"left\" valign=\"top\" width=\"9%\"><strong>mm<\/strong><\/td>\n<td align=\"left\" valign=\"top\" width=\"9%\"><strong>mm<\/strong><\/td>\n<td align=\"left\" valign=\"top\" width=\"9%\"><strong>kN<\/strong><\/td>\n<td align=\"left\" valign=\"top\" width=\"9%\"><strong>kN<\/strong><\/td>\n<\/tr>\n<tr>\n<td align=\"left\" valign=\"top\" width=\"9%\"><\/td>\n<td align=\"left\" valign=\"top\" width=\"9%\"><strong>mm<\/strong><\/td>\n<td align=\"left\" valign=\"top\" width=\"9%\"><strong>min.<\/strong><\/td>\n<td align=\"left\" valign=\"top\" width=\"9%\"><strong>max.<\/strong><\/td>\n<td align=\"left\" valign=\"top\" width=\"9%\"><strong>max.<\/strong><\/td>\n<td align=\"left\" valign=\"top\" width=\"9%\"><strong>max.<\/strong><\/td>\n<td align=\"left\" valign=\"top\" width=\"9%\"><strong>max.<\/strong><\/td>\n<td align=\"left\" valign=\"top\" width=\"9%\"><\/td>\n<td align=\"left\" valign=\"top\" width=\"9%\"><\/td>\n<td align=\"left\" valign=\"top\" width=\"9%\"><\/td>\n<td align=\"left\" valign=\"top\" width=\"9%\"><strong>min.<\/strong><\/td>\n<td align=\"left\" valign=\"top\" width=\"9%\"><\/td>\n<\/tr>\n<\/thead>\n<tbody>\n<tr>\n<td align=\"left\" valign=\"top\" width=\"9%\">K63PF<\/td>\n<td align=\"left\" valign=\"top\" width=\"9%\">63,000<\/td>\n<td align=\"left\" valign=\"top\" width=\"9%\">142,00<\/td>\n<td align=\"left\" valign=\"top\" width=\"9%\">40,00<\/td>\n<td align=\"left\" valign=\"top\" width=\"9%\">60,0<\/td>\n<td align=\"left\" valign=\"top\" width=\"9%\">6,0<\/td>\n<td align=\"left\" valign=\"top\" width=\"9%\">210,0<\/td>\n<td align=\"left\" valign=\"top\" width=\"9%\">220,0<\/td>\n<td align=\"left\" valign=\"top\" width=\"9%\">55,0<\/td>\n<td align=\"left\" valign=\"top\" width=\"9%\">49,99<\/td>\n<td align=\"left\" valign=\"top\" width=\"9%\">160,00<\/td>\n<td align=\"left\" valign=\"top\" width=\"9%\">176,00<\/td>\n<\/tr>\n<\/tbody>\n<\/table>\n<p>&nbsp;<\/p>\n<p><!--:--><\/p>\n","protected":false},"excerpt":{"rendered":"<p>&nbsp; K lichte Weite Bolzen- Laschen- Laschen- Bolzen- Mitnehmer- Mitnehmer- Mitnehmer- Bruch- Bruch- Teilung Innenglied durchm. h\u00f6he dicke l\u00e4nge ma\u00dfe ma\u00dfe ma\u00dfe kraft kraft Ketten- p b1 d2 g s l 1 M G h4 FB \u00d8erreicht Nr. mm mm &hellip; <a href=\"https:\/\/www.kettentechnik.de\/de\/2013\/06\/12\/spezial-forderkette-mit-tragplatten-teilung-63000-mm\/\">Weiterlesen <span class=\"meta-nav\">&rarr;<\/span><\/a><\/p>\n","protected":false},"author":11,"featured_media":6365,"comment_status":"closed","ping_status":"open","sticky":false,"template":"","format":"standard","meta":{"_monsterinsights_skip_tracking":false,"_monsterinsights_sitenote_active":false,"_monsterinsights_sitenote_note":"","_monsterinsights_sitenote_category":0,"footnotes":""},"categories":[14],"tags":[],"class_list":["post-5157","post","type-post","status-publish","format-standard","has-post-thumbnail","hentry","category-spezial-forderkette-mit-tragplatten"],"yoast_head":"<!-- This site is optimized with the Yoast SEO plugin v24.9 - https:\/\/yoast.com\/wordpress\/plugins\/seo\/ -->\n<title>Spezial-F\u00f6rderkette mit Tragplatten Teilung 63,000 mm - Deutsch<\/title>\n<meta name=\"robots\" content=\"index, follow, max-snippet:-1, max-image-preview:large, max-video-preview:-1\" \/>\n<link rel=\"canonical\" href=\"https:\/\/www.kettentechnik.de\/de\/2013\/06\/12\/spezial-forderkette-mit-tragplatten-teilung-63000-mm\/\" \/>\n<meta property=\"og:locale\" content=\"de_DE\" \/>\n<meta property=\"og:type\" content=\"article\" \/>\n<meta property=\"og:title\" content=\"Spezial-F\u00f6rderkette mit Tragplatten Teilung 63,000 mm - Deutsch\" \/>\n<meta property=\"og:description\" content=\"&nbsp; K lichte Weite Bolzen- Laschen- Laschen- Bolzen- Mitnehmer- Mitnehmer- Mitnehmer- Bruch- Bruch- Teilung Innenglied durchm. h\u00f6he dicke l\u00e4nge ma\u00dfe ma\u00dfe ma\u00dfe kraft kraft Ketten- p b1 d2 g s l 1 M G h4 FB \u00d8erreicht Nr. mm mm &hellip; Weiterlesen &rarr;\" \/>\n<meta property=\"og:url\" content=\"https:\/\/www.kettentechnik.de\/de\/2013\/06\/12\/spezial-forderkette-mit-tragplatten-teilung-63000-mm\/\" \/>\n<meta property=\"og:site_name\" content=\"Deutsch\" \/>\n<meta property=\"article:publisher\" content=\"https:\/\/www.facebook.com\/pages\/KTS-Kettentechnik-GmbH\/411832932300884?fref=ts\" \/>\n<meta property=\"article:published_time\" content=\"2013-06-12T11:30:42+00:00\" \/>\n<meta property=\"article:modified_time\" content=\"2014-10-02T06:16:06+00:00\" \/>\n<meta property=\"og:image\" content=\"https:\/\/www.kettentechnik.de\/de\/wp-content\/uploads\/sites\/2\/2013\/06\/K63PF-150x150.jpg\" \/>\n\t<meta property=\"og:image:width\" content=\"150\" \/>\n\t<meta property=\"og:image:height\" content=\"150\" \/>\n\t<meta property=\"og:image:type\" content=\"image\/jpeg\" \/>\n<meta name=\"author\" content=\"sebastian.klemm\" \/>\n<meta name=\"twitter:card\" content=\"summary_large_image\" \/>\n<meta name=\"twitter:creator\" content=\"@Kettentechnik\" \/>\n<meta name=\"twitter:site\" content=\"@Kettentechnik\" \/>\n<meta name=\"twitter:label1\" content=\"Verfasst von\" \/>\n\t<meta name=\"twitter:data1\" content=\"sebastian.klemm\" \/>\n<script type=\"application\/ld+json\" class=\"yoast-schema-graph\">{\"@context\":\"https:\/\/schema.org\",\"@graph\":[{\"@type\":\"Article\",\"@id\":\"https:\/\/www.kettentechnik.de\/de\/2013\/06\/12\/spezial-forderkette-mit-tragplatten-teilung-63000-mm\/#article\",\"isPartOf\":{\"@id\":\"https:\/\/www.kettentechnik.de\/de\/2013\/06\/12\/spezial-forderkette-mit-tragplatten-teilung-63000-mm\/\"},\"author\":{\"name\":\"sebastian.klemm\",\"@id\":\"https:\/\/www.kettentechnik.de\/de\/#\/schema\/person\/233f097f4b0f6f4af6365e6860f775ee\"},\"headline\":\"Spezial-F\u00f6rderkette mit Tragplatten Teilung 63,000 mm\",\"datePublished\":\"2013-06-12T11:30:42+00:00\",\"dateModified\":\"2014-10-02T06:16:06+00:00\",\"mainEntityOfPage\":{\"@id\":\"https:\/\/www.kettentechnik.de\/de\/2013\/06\/12\/spezial-forderkette-mit-tragplatten-teilung-63000-mm\/\"},\"wordCount\":68,\"publisher\":{\"@id\":\"https:\/\/www.kettentechnik.de\/de\/#organization\"},\"image\":{\"@id\":\"https:\/\/www.kettentechnik.de\/de\/2013\/06\/12\/spezial-forderkette-mit-tragplatten-teilung-63000-mm\/#primaryimage\"},\"thumbnailUrl\":\"https:\/\/www.kettentechnik.de\/de\/wp-content\/uploads\/sites\/2\/2013\/06\/K63PF-150x150.jpg\",\"articleSection\":[\"Spezial-F\u00f6rderkette mit Tragplatten\"],\"inLanguage\":\"de\"},{\"@type\":\"WebPage\",\"@id\":\"https:\/\/www.kettentechnik.de\/de\/2013\/06\/12\/spezial-forderkette-mit-tragplatten-teilung-63000-mm\/\",\"url\":\"https:\/\/www.kettentechnik.de\/de\/2013\/06\/12\/spezial-forderkette-mit-tragplatten-teilung-63000-mm\/\",\"name\":\"Spezial-F\u00f6rderkette mit Tragplatten Teilung 63,000 mm - Deutsch\",\"isPartOf\":{\"@id\":\"https:\/\/www.kettentechnik.de\/de\/#website\"},\"primaryImageOfPage\":{\"@id\":\"https:\/\/www.kettentechnik.de\/de\/2013\/06\/12\/spezial-forderkette-mit-tragplatten-teilung-63000-mm\/#primaryimage\"},\"image\":{\"@id\":\"https:\/\/www.kettentechnik.de\/de\/2013\/06\/12\/spezial-forderkette-mit-tragplatten-teilung-63000-mm\/#primaryimage\"},\"thumbnailUrl\":\"https:\/\/www.kettentechnik.de\/de\/wp-content\/uploads\/sites\/2\/2013\/06\/K63PF-150x150.jpg\",\"datePublished\":\"2013-06-12T11:30:42+00:00\",\"dateModified\":\"2014-10-02T06:16:06+00:00\",\"breadcrumb\":{\"@id\":\"https:\/\/www.kettentechnik.de\/de\/2013\/06\/12\/spezial-forderkette-mit-tragplatten-teilung-63000-mm\/#breadcrumb\"},\"inLanguage\":\"de\",\"potentialAction\":[{\"@type\":\"ReadAction\",\"target\":[\"https:\/\/www.kettentechnik.de\/de\/2013\/06\/12\/spezial-forderkette-mit-tragplatten-teilung-63000-mm\/\"]}]},{\"@type\":\"ImageObject\",\"inLanguage\":\"de\",\"@id\":\"https:\/\/www.kettentechnik.de\/de\/2013\/06\/12\/spezial-forderkette-mit-tragplatten-teilung-63000-mm\/#primaryimage\",\"url\":\"https:\/\/www.kettentechnik.de\/de\/wp-content\/uploads\/sites\/2\/2013\/06\/K63PF-150x150.jpg\",\"contentUrl\":\"https:\/\/www.kettentechnik.de\/de\/wp-content\/uploads\/sites\/2\/2013\/06\/K63PF-150x150.jpg\",\"width\":150,\"height\":150},{\"@type\":\"BreadcrumbList\",\"@id\":\"https:\/\/www.kettentechnik.de\/de\/2013\/06\/12\/spezial-forderkette-mit-tragplatten-teilung-63000-mm\/#breadcrumb\",\"itemListElement\":[{\"@type\":\"ListItem\",\"position\":1,\"name\":\"Home\",\"item\":\"https:\/\/www.kettentechnik.de\/de\/\"},{\"@type\":\"ListItem\",\"position\":2,\"name\":\"Spezial-F\u00f6rderkette mit Tragplatten Teilung 63,000 mm\"}]},{\"@type\":\"WebSite\",\"@id\":\"https:\/\/www.kettentechnik.de\/de\/#website\",\"url\":\"https:\/\/www.kettentechnik.de\/de\/\",\"name\":\"Deutsch\",\"description\":\"Rollenketten und Kettenr\u00e4der aus Vorrat\",\"publisher\":{\"@id\":\"https:\/\/www.kettentechnik.de\/de\/#organization\"},\"potentialAction\":[{\"@type\":\"SearchAction\",\"target\":{\"@type\":\"EntryPoint\",\"urlTemplate\":\"https:\/\/www.kettentechnik.de\/de\/?s={search_term_string}\"},\"query-input\":{\"@type\":\"PropertyValueSpecification\",\"valueRequired\":true,\"valueName\":\"search_term_string\"}}],\"inLanguage\":\"de\"},{\"@type\":\"Organization\",\"@id\":\"https:\/\/www.kettentechnik.de\/de\/#organization\",\"name\":\"KTS Kettentechnik GmbH\",\"url\":\"https:\/\/www.kettentechnik.de\/de\/\",\"logo\":{\"@type\":\"ImageObject\",\"inLanguage\":\"de\",\"@id\":\"https:\/\/www.kettentechnik.de\/de\/#\/schema\/logo\/image\/\",\"url\":\"http:\/\/www.kettentechnik.de\/de\/wp-content\/uploads\/sites\/2\/2015\/08\/KTS_logo_freigestellt.gif\",\"contentUrl\":\"http:\/\/www.kettentechnik.de\/de\/wp-content\/uploads\/sites\/2\/2015\/08\/KTS_logo_freigestellt.gif\",\"width\":785,\"height\":368,\"caption\":\"KTS Kettentechnik GmbH\"},\"image\":{\"@id\":\"https:\/\/www.kettentechnik.de\/de\/#\/schema\/logo\/image\/\"},\"sameAs\":[\"https:\/\/www.facebook.com\/pages\/KTS-Kettentechnik-GmbH\/411832932300884?fref=ts\",\"https:\/\/x.com\/Kettentechnik\",\"https:\/\/www.linkedin.com\/company\/6205865?trk=tyah&amp;amp;amp;trkInfo=clickedVertical:company,clickedEntityId:6205865,idx:2-1-2,tarId:1464766025858,tas:kts ket\"]},{\"@type\":\"Person\",\"@id\":\"https:\/\/www.kettentechnik.de\/de\/#\/schema\/person\/233f097f4b0f6f4af6365e6860f775ee\",\"name\":\"sebastian.klemm\",\"image\":{\"@type\":\"ImageObject\",\"inLanguage\":\"de\",\"@id\":\"https:\/\/www.kettentechnik.de\/de\/#\/schema\/person\/image\/\",\"url\":\"https:\/\/secure.gravatar.com\/avatar\/3a673bf4f7b19c0c821008340505daa009fec5a17db464bc9c4c81d983a65fec?s=96&d=mm&r=g\",\"contentUrl\":\"https:\/\/secure.gravatar.com\/avatar\/3a673bf4f7b19c0c821008340505daa009fec5a17db464bc9c4c81d983a65fec?s=96&d=mm&r=g\",\"caption\":\"sebastian.klemm\"},\"url\":\"https:\/\/www.kettentechnik.de\/de\/author\/sebastian-klemm\/\"}]}<\/script>\n<!-- \/ Yoast SEO plugin. -->","yoast_head_json":{"title":"Spezial-F\u00f6rderkette mit Tragplatten Teilung 63,000 mm - Deutsch","robots":{"index":"index","follow":"follow","max-snippet":"max-snippet:-1","max-image-preview":"max-image-preview:large","max-video-preview":"max-video-preview:-1"},"canonical":"https:\/\/www.kettentechnik.de\/de\/2013\/06\/12\/spezial-forderkette-mit-tragplatten-teilung-63000-mm\/","og_locale":"de_DE","og_type":"article","og_title":"Spezial-F\u00f6rderkette mit Tragplatten Teilung 63,000 mm - Deutsch","og_description":"&nbsp; K lichte Weite Bolzen- Laschen- Laschen- Bolzen- Mitnehmer- Mitnehmer- Mitnehmer- Bruch- Bruch- Teilung Innenglied durchm. h\u00f6he dicke l\u00e4nge ma\u00dfe ma\u00dfe ma\u00dfe kraft kraft Ketten- p b1 d2 g s l 1 M G h4 FB \u00d8erreicht Nr. mm mm &hellip; Weiterlesen &rarr;","og_url":"https:\/\/www.kettentechnik.de\/de\/2013\/06\/12\/spezial-forderkette-mit-tragplatten-teilung-63000-mm\/","og_site_name":"Deutsch","article_publisher":"https:\/\/www.facebook.com\/pages\/KTS-Kettentechnik-GmbH\/411832932300884?fref=ts","article_published_time":"2013-06-12T11:30:42+00:00","article_modified_time":"2014-10-02T06:16:06+00:00","og_image":[{"width":150,"height":150,"url":"https:\/\/www.kettentechnik.de\/de\/wp-content\/uploads\/sites\/2\/2013\/06\/K63PF-150x150.jpg","type":"image\/jpeg"}],"author":"sebastian.klemm","twitter_card":"summary_large_image","twitter_creator":"@Kettentechnik","twitter_site":"@Kettentechnik","twitter_misc":{"Verfasst von":"sebastian.klemm"},"schema":{"@context":"https:\/\/schema.org","@graph":[{"@type":"Article","@id":"https:\/\/www.kettentechnik.de\/de\/2013\/06\/12\/spezial-forderkette-mit-tragplatten-teilung-63000-mm\/#article","isPartOf":{"@id":"https:\/\/www.kettentechnik.de\/de\/2013\/06\/12\/spezial-forderkette-mit-tragplatten-teilung-63000-mm\/"},"author":{"name":"sebastian.klemm","@id":"https:\/\/www.kettentechnik.de\/de\/#\/schema\/person\/233f097f4b0f6f4af6365e6860f775ee"},"headline":"Spezial-F\u00f6rderkette mit Tragplatten Teilung 63,000 mm","datePublished":"2013-06-12T11:30:42+00:00","dateModified":"2014-10-02T06:16:06+00:00","mainEntityOfPage":{"@id":"https:\/\/www.kettentechnik.de\/de\/2013\/06\/12\/spezial-forderkette-mit-tragplatten-teilung-63000-mm\/"},"wordCount":68,"publisher":{"@id":"https:\/\/www.kettentechnik.de\/de\/#organization"},"image":{"@id":"https:\/\/www.kettentechnik.de\/de\/2013\/06\/12\/spezial-forderkette-mit-tragplatten-teilung-63000-mm\/#primaryimage"},"thumbnailUrl":"https:\/\/www.kettentechnik.de\/de\/wp-content\/uploads\/sites\/2\/2013\/06\/K63PF-150x150.jpg","articleSection":["Spezial-F\u00f6rderkette mit Tragplatten"],"inLanguage":"de"},{"@type":"WebPage","@id":"https:\/\/www.kettentechnik.de\/de\/2013\/06\/12\/spezial-forderkette-mit-tragplatten-teilung-63000-mm\/","url":"https:\/\/www.kettentechnik.de\/de\/2013\/06\/12\/spezial-forderkette-mit-tragplatten-teilung-63000-mm\/","name":"Spezial-F\u00f6rderkette mit Tragplatten Teilung 63,000 mm - Deutsch","isPartOf":{"@id":"https:\/\/www.kettentechnik.de\/de\/#website"},"primaryImageOfPage":{"@id":"https:\/\/www.kettentechnik.de\/de\/2013\/06\/12\/spezial-forderkette-mit-tragplatten-teilung-63000-mm\/#primaryimage"},"image":{"@id":"https:\/\/www.kettentechnik.de\/de\/2013\/06\/12\/spezial-forderkette-mit-tragplatten-teilung-63000-mm\/#primaryimage"},"thumbnailUrl":"https:\/\/www.kettentechnik.de\/de\/wp-content\/uploads\/sites\/2\/2013\/06\/K63PF-150x150.jpg","datePublished":"2013-06-12T11:30:42+00:00","dateModified":"2014-10-02T06:16:06+00:00","breadcrumb":{"@id":"https:\/\/www.kettentechnik.de\/de\/2013\/06\/12\/spezial-forderkette-mit-tragplatten-teilung-63000-mm\/#breadcrumb"},"inLanguage":"de","potentialAction":[{"@type":"ReadAction","target":["https:\/\/www.kettentechnik.de\/de\/2013\/06\/12\/spezial-forderkette-mit-tragplatten-teilung-63000-mm\/"]}]},{"@type":"ImageObject","inLanguage":"de","@id":"https:\/\/www.kettentechnik.de\/de\/2013\/06\/12\/spezial-forderkette-mit-tragplatten-teilung-63000-mm\/#primaryimage","url":"https:\/\/www.kettentechnik.de\/de\/wp-content\/uploads\/sites\/2\/2013\/06\/K63PF-150x150.jpg","contentUrl":"https:\/\/www.kettentechnik.de\/de\/wp-content\/uploads\/sites\/2\/2013\/06\/K63PF-150x150.jpg","width":150,"height":150},{"@type":"BreadcrumbList","@id":"https:\/\/www.kettentechnik.de\/de\/2013\/06\/12\/spezial-forderkette-mit-tragplatten-teilung-63000-mm\/#breadcrumb","itemListElement":[{"@type":"ListItem","position":1,"name":"Home","item":"https:\/\/www.kettentechnik.de\/de\/"},{"@type":"ListItem","position":2,"name":"Spezial-F\u00f6rderkette mit Tragplatten Teilung 63,000 mm"}]},{"@type":"WebSite","@id":"https:\/\/www.kettentechnik.de\/de\/#website","url":"https:\/\/www.kettentechnik.de\/de\/","name":"Deutsch","description":"Rollenketten und Kettenr\u00e4der aus Vorrat","publisher":{"@id":"https:\/\/www.kettentechnik.de\/de\/#organization"},"potentialAction":[{"@type":"SearchAction","target":{"@type":"EntryPoint","urlTemplate":"https:\/\/www.kettentechnik.de\/de\/?s={search_term_string}"},"query-input":{"@type":"PropertyValueSpecification","valueRequired":true,"valueName":"search_term_string"}}],"inLanguage":"de"},{"@type":"Organization","@id":"https:\/\/www.kettentechnik.de\/de\/#organization","name":"KTS Kettentechnik GmbH","url":"https:\/\/www.kettentechnik.de\/de\/","logo":{"@type":"ImageObject","inLanguage":"de","@id":"https:\/\/www.kettentechnik.de\/de\/#\/schema\/logo\/image\/","url":"http:\/\/www.kettentechnik.de\/de\/wp-content\/uploads\/sites\/2\/2015\/08\/KTS_logo_freigestellt.gif","contentUrl":"http:\/\/www.kettentechnik.de\/de\/wp-content\/uploads\/sites\/2\/2015\/08\/KTS_logo_freigestellt.gif","width":785,"height":368,"caption":"KTS Kettentechnik GmbH"},"image":{"@id":"https:\/\/www.kettentechnik.de\/de\/#\/schema\/logo\/image\/"},"sameAs":["https:\/\/www.facebook.com\/pages\/KTS-Kettentechnik-GmbH\/411832932300884?fref=ts","https:\/\/x.com\/Kettentechnik","https:\/\/www.linkedin.com\/company\/6205865?trk=tyah&amp;amp;amp;trkInfo=clickedVertical:company,clickedEntityId:6205865,idx:2-1-2,tarId:1464766025858,tas:kts ket"]},{"@type":"Person","@id":"https:\/\/www.kettentechnik.de\/de\/#\/schema\/person\/233f097f4b0f6f4af6365e6860f775ee","name":"sebastian.klemm","image":{"@type":"ImageObject","inLanguage":"de","@id":"https:\/\/www.kettentechnik.de\/de\/#\/schema\/person\/image\/","url":"https:\/\/secure.gravatar.com\/avatar\/3a673bf4f7b19c0c821008340505daa009fec5a17db464bc9c4c81d983a65fec?s=96&d=mm&r=g","contentUrl":"https:\/\/secure.gravatar.com\/avatar\/3a673bf4f7b19c0c821008340505daa009fec5a17db464bc9c4c81d983a65fec?s=96&d=mm&r=g","caption":"sebastian.klemm"},"url":"https:\/\/www.kettentechnik.de\/de\/author\/sebastian-klemm\/"}]}},"_links":{"self":[{"href":"https:\/\/www.kettentechnik.de\/de\/wp-json\/wp\/v2\/posts\/5157","targetHints":{"allow":["GET"]}}],"collection":[{"href":"https:\/\/www.kettentechnik.de\/de\/wp-json\/wp\/v2\/posts"}],"about":[{"href":"https:\/\/www.kettentechnik.de\/de\/wp-json\/wp\/v2\/types\/post"}],"author":[{"embeddable":true,"href":"https:\/\/www.kettentechnik.de\/de\/wp-json\/wp\/v2\/users\/11"}],"replies":[{"embeddable":true,"href":"https:\/\/www.kettentechnik.de\/de\/wp-json\/wp\/v2\/comments?post=5157"}],"version-history":[{"count":1,"href":"https:\/\/www.kettentechnik.de\/de\/wp-json\/wp\/v2\/posts\/5157\/revisions"}],"predecessor-version":[{"id":6392,"href":"https:\/\/www.kettentechnik.de\/de\/wp-json\/wp\/v2\/posts\/5157\/revisions\/6392"}],"wp:featuredmedia":[{"embeddable":true,"href":"https:\/\/www.kettentechnik.de\/de\/wp-json\/wp\/v2\/media\/6365"}],"wp:attachment":[{"href":"https:\/\/www.kettentechnik.de\/de\/wp-json\/wp\/v2\/media?parent=5157"}],"wp:term":[{"taxonomy":"category","embeddable":true,"href":"https:\/\/www.kettentechnik.de\/de\/wp-json\/wp\/v2\/categories?post=5157"},{"taxonomy":"post_tag","embeddable":true,"href":"https:\/\/www.kettentechnik.de\/de\/wp-json\/wp\/v2\/tags?post=5157"}],"curies":[{"name":"wp","href":"https:\/\/api.w.org\/{rel}","templated":true}]}}